{"id":19483,"date":"2021-07-14T08:19:46","date_gmt":"2021-07-14T08:19:46","guid":{"rendered":"http:\/\/niw.gov.pl\/spotkanie-dyrektora-niw-z-organizacjami-z-woj-swietokrzyskiego\/"},"modified":"2021-07-19T21:35:59","modified_gmt":"2021-07-19T21:35:59","slug":"spotkanie-dyrektora-niw-z-organizacjami-z-woj-swietokrzyskiego","status":"publish","type":"post","link":"https:\/\/niw.gov.pl\/en\/spotkanie-dyrektora-niw-z-organizacjami-z-woj-swietokrzyskiego\/","title":{"rendered":"Spotkanie dyrektora NIW z organizacjami z woj. \u015bwi\u0119tokrzyskiego"},"content":{"rendered":"<p>[vc_row][vc_column][vc_empty_space][\/vc_column][\/vc_row][vc_row][vc_column][vc_column_text]<strong>12 lipca br. dyrektor Narodowego Instytutu Wolno\u015bci spotka\u0142 si\u0119 z przedstawicielami organizacji pozarz\u0105dowych wojew\u00f3dztwa \u015bwi\u0119tokrzyskiego. <\/strong><\/p>\n<p>&nbsp;<\/p>\n<p>Podczas spotkania dyrektor przybli\u017cy\u0142 informacje o za\u0142o\u017ceniach program\u00f3w dotacyjnych NIW-CRSO oraz mo\u017cliwo\u015bciach uzyskania dofinansowania w ramach prowadzonych konkurs\u00f3w. Przedstawi\u0142 r\u00f3wnie\u017c informacje nt. regratingu dla lokalnych organizacji pozarz\u0105dowych, kt\u00f3ry prowadz\u0105 operatorzy wy\u0142onieni podczas konkursu programu\u00a0<a href=\"http:\/\/niw.gov.pl\/nasze-programy\/nowefio\/nowefio-2021\/\" target=\"_blank\" rel=\"noopener\">NOWEFIO Priorytet 1<\/a>.[\/vc_column_text][\/vc_column][\/vc_row][vc_row][vc_column][vc_empty_space][\/vc_column][\/vc_row][vc_row][vc_column][vc_column_text]Podkre\u015blaj\u0105c znaczenie i du\u017c\u0105 warto\u015b\u0107 regrantingu Wojciech Kaczmarczyk powiedzia\u0142: \u201e<em>We wszystkich ewaluacjach i debatach na temat tego, co zdarzy\u0142o si\u0119 dobrego dzi\u0119ki FIO, podkre\u015bla si\u0119 znaczenie regrantingu, kt\u00f3ry wspiera ma\u0142e, m\u0142ode i nieformalne inicjatywy na terenie okre\u015blonego regionu. To jest bardzo wa\u017cne, bo instytucja centralna z trudem dotrze do organizacji, kt\u00f3re s\u0105 w ma\u0142ych gminach, oddalonych od centrum poszczeg\u00f3lnych wojew\u00f3dztw. To w\u0142a\u015bnie partnerzy regionalni, tacy jak Fundacja Artwi\u0144skiego, mog\u0105 wy\u0142uska\u0107 i dofinansowa\u0107 rozmaite, cenne inicjatywy lokalne<\/em>\u201d.[\/vc_column_text][\/vc_column][\/vc_row][vc_row][vc_column][vc_empty_space][\/vc_column][\/vc_row][vc_row][vc_column][vc_column_text]Podczas spotkania przedstawiciele Fundacji im. Stefana Artwi\u0144skiego, operatora lokalnego NOWEFIO 2021, przedstawili za\u0142o\u017cenia programu grantowego \u015awi\u0119tokrzyski Fundusz Lokalny. Wi\u0119cej informacji o tym Funduszu mo\u017cna znale\u017a\u0107 na stronie Fundacji: <a href=\"https:\/\/artwinski.org.pl\/projekty\/swietokrzyski-fundusz-lokalny\/\" rel=\"nofollow noopener\" target=\"_blank\">https:\/\/artwinski.org.pl\/projekty\/swietokrzyski-fundusz-lokalny\/<\/a>.[\/vc_column_text][\/vc_column][\/vc_row][vc_row][vc_column][vc_empty_space][\/vc_column][\/vc_row][vc_row][vc_column][vc_column_text]Na spotkaniu r\u00f3wnie\u017c byli obecni przedstawiciele w\u0142adz: Zbigniew Koniusz \u2013 Wojewoda \u015awi\u0119tokrzyski, Rafa\u0142 Nowak \u2013 Wicewojewoda \u015awi\u0119tokrzyski, Anna Krupka \u2013 Wiceminister, MKDNiS, Krzysztof S\u0142o\u0144 \u2013Senator RP, Agata Wojtyszek \u2013 Pose\u0142 na Sejm RP.<\/p>\n<p>&nbsp;<\/p>\n<p>Spotkanie wywo\u0142a\u0142o \u017cyw\u0105 dyskusj\u0119 i zainteresowanie w\u015br\u00f3d lokalnych organizacji pozarz\u0105dowych.[\/vc_column_text][\/vc_column][\/vc_row]<\/p>\n","protected":false},"excerpt":{"rendered":"<p>[vc_row][vc_column][vc_empty_space][\/vc_column][\/vc_row][vc_row][vc_column][vc_column_text]12 lipca br. dyrektor Narodowego Instytutu Wolno\u015bci spotka\u0142 si\u0119 z przedstawicielami organizacji pozarz\u0105dowych wojew\u00f3dztwa \u015bwi\u0119tokrzyskiego. &nbsp; Podczas spotkania dyrektor przybli\u017cy\u0142 informacje o za\u0142o\u017ceniach program\u00f3w dotacyjnych NIW-CRSO oraz mo\u017cliwo\u015bciach uzyskania dofinansowania w ramach prowadzonych konkurs\u00f3w. Przedstawi\u0142 r\u00f3wnie\u017c informacje nt. regratingu dla lokalnych organizacji pozarz\u0105dowych, kt\u00f3ry prowadz\u0105 operatorzy wy\u0142onieni podczas konkursu programu\u00a0NOWEFIO Priorytet 1.[\/vc_column_text][\/vc_column][\/vc_row][vc_row][vc_column][vc_empty_space][\/vc_column][\/vc_row][vc_row][vc_column][vc_column_text]Podkre\u015blaj\u0105c znaczenie i du\u017c\u0105<\/p>\n","protected":false},"author":46,"featured_media":18869,"comment_status":"open","ping_status":"open","sticky":false,"template":"","format":"standard","meta":{"_acf_changed":false,"inline_featured_image":false,"footnotes":""},"categories":[38],"tags":[],"class_list":["post-19483","post","type-post","status-publish","format-standard","has-post-thumbnail","hentry","category-uncategorized"],"acf":[],"_links":{"self":[{"href":"https:\/\/niw.gov.pl\/en\/wp-json\/wp\/v2\/posts\/19483","targetHints":{"allow":["GET"]}}],"collection":[{"href":"https:\/\/niw.gov.pl\/en\/wp-json\/wp\/v2\/posts"}],"about":[{"href":"https:\/\/niw.gov.pl\/en\/wp-json\/wp\/v2\/types\/post"}],"author":[{"embeddable":true,"href":"https:\/\/niw.gov.pl\/en\/wp-json\/wp\/v2\/users\/46"}],"replies":[{"embeddable":true,"href":"https:\/\/niw.gov.pl\/en\/wp-json\/wp\/v2\/comments?post=19483"}],"version-history":[{"count":1,"href":"https:\/\/niw.gov.pl\/en\/wp-json\/wp\/v2\/posts\/19483\/revisions"}],"predecessor-version":[{"id":19484,"href":"https:\/\/niw.gov.pl\/en\/wp-json\/wp\/v2\/posts\/19483\/revisions\/19484"}],"wp:featuredmedia":[{"embeddable":true,"href":"https:\/\/niw.gov.pl\/en\/wp-json\/wp\/v2\/media\/18869"}],"wp:attachment":[{"href":"https:\/\/niw.gov.pl\/en\/wp-json\/wp\/v2\/media?parent=19483"}],"wp:term":[{"taxonomy":"category","embeddable":true,"href":"https:\/\/niw.gov.pl\/en\/wp-json\/wp\/v2\/categories?post=19483"},{"taxonomy":"post_tag","embeddable":true,"href":"https:\/\/niw.gov.pl\/en\/wp-json\/wp\/v2\/tags?post=19483"}],"curies":[{"name":"wp","href":"https:\/\/api.w.org\/{rel}","templated":true}]}}